{"provider_url": "https://www.icaraima.pr.leg.br", "title": "Convite - Audi\u00eancia P\u00fablica", "html": "<h2 style=\"text-align: center; \"><strong>CONVITE</strong></h2>\r\n<p><strong><br /></strong></p>\r\n<p style=\"text-align: justify; \">Em cumprimento ao Regimento Interno, artigo 307, a Comiss\u00e3o de Servi\u00e7os e Obras P\u00fablicas da C\u00e2mara Municipal de Icara\u00edma, Estado do Paran\u00e1, torna p\u00fablico que realizar\u00e1 no dia 04 de maio de 2026, \u00e0s 18h45min, nas depend\u00eancias da C\u00e2mara Municipal de Icara\u00edma, localizada na Rua Monte Belo n\u00ba 607<b>, A AUDI\u00caNCIA P\u00daBLICA</b>\u00a0<b>REFERENTE:</b></p>\r\n<p style=\"text-align: justify; \"><b><a class=\"external-link\" href=\"https://sapl.icaraima.pr.leg.br/materia/1160\" target=\"_self\" title=\"\">PROJETO DE LEI COMPLEMENTAR N\u00ba 015/2026</a></b></p>\r\n<p style=\"text-align: justify; \"><b><a class=\"external-link\" href=\"https://sapl.icaraima.pr.leg.br/materia/1160\" target=\"_self\" title=\"\">S\u00famula:\u00a0Altera Lei Complementar n\u00ba 1.689/2020, e d\u00e1 outras provid\u00eancias.</a></b></p>\r\n<p><b>Fica convidado a popula\u00e7\u00e3o em geral do Munic\u00edpio de Icara\u00edma.</b></p>\r\n<div></div>\r\n<p align=\"center\"><b>COMISS\u00c3O DE SERVI\u00c7OS E OBRAS P\u00daBLICAS</b><b>\u00a0</b></p>\r\n<p align=\"center\"><b><br /></b></p>\r\n<p align=\"center\"><b>CLAUDIO APARECIDO COL</b></p>\r\n<p align=\"center\"><b>Presidente</b></p>\r\n<p align=\"center\">\u00a0</p>\r\n<p align=\"center\"><b>ALTAIR GOMES</b></p>\r\n<p align=\"center\"><b>Relator</b></p>\r\n<p align=\"center\"><b>\u00a0</b><b>\u00a0</b></p>\r\n<p align=\"center\"><b>ADENICIO CHALEGRE</b></p>\r\n<p align=\"center\"><b>Membro</b></p>", "author_name": "", "version": "1.0", "author_url": "https://www.icaraima.pr.leg.br/author/Samuel", "provider_name": "C\u00e2mara Municipal", "type": "rich"}